{"id":17112,"date":"2024-02-01T22:37:04","date_gmt":"2024-02-01T22:37:04","guid":{"rendered":"http:\/\/materialy.pagekreacje.pl\/?p=17112"},"modified":"2024-02-01T22:37:04","modified_gmt":"2024-02-01T22:37:04","slug":"edukacja-w-prywatnym-przedszkolu-na-co-zwrocic-uwage","status":"publish","type":"post","link":"http:\/\/materialy.pagekreacje.pl\/?p=17112","title":{"rendered":"Edukacja w prywatnym przedszkolu &#8211; na co zwr\u00f3ci\u0107 uwag\u0119?"},"content":{"rendered":"<p>W dzisiejszych czasach wyb\u00f3r dobrego przedszkola dla dziecka to decyzja, kt\u00f3ra mo\u017ce wp\u0142yn\u0105\u0107 na jego rozw\u00f3j i przysz\u0142e miesi\u0105ce. Dlatego warto pomy\u015ble\u0107 nad r\u00f3\u017cnymi opcjami, takimi jak prywatne przedszkola czy przedszkola dwuj\u0119zyczne.<\/p>\n<p>Prywatne przedszkole to plac\u00f3wka, kt\u00f3ra dzia\u0142a niezale\u017cnie od systemu nauki publicznej.<!--more--><\/p>\n<p>  Jedn\u0105 z priorytetowych zalet prywatnych przedszkoli jest mniejsza liczba dzieci w grupie, co pozwala na indywidualniejsze podej\u015bcie do ka\u017cdego malucha (\u017ar\u00f3d\u0142o informacji: <a href=\"https:\/\/zielonazyrafa.edu.pl\/miasto\/prywatny-zlobek-i-przedszkole-mokotow\/\">Przedszkole dwuj\u0119zyczne warszawa mokot\u00f3w<\/a>). Przy tym, prywatne przedszkola na prawd\u0119 bardzo cz\u0119sto oferuj\u0105 bardziej rozbudowane programy edukacyjne, zaj\u0119cia dodatkowe i innowacyjne metody nauczania.<\/p>\n<p>Przedszkole dwuj\u0119zyczne to opcja, kt\u00f3ra stawia na rozwijanie kwalifikacji j\u0119zykowych dziecka od najm\u0142odszych lat. Dzieci ucz\u0105 si\u0119 r\u00f3wnocze\u015bnie dw\u00f3ch j\u0119zyk\u00f3w, co mo\u017ce przyczyni\u0107 si\u0119 do lepszej przyswajalno\u015bci obu j\u0119zyk\u00f3w w p\u00f3\u017aniejszym czasie. To te\u017c okazja do poznania r\u00f3\u017cnych kultur i tradycji.<\/p>\n<p>Podczas wyboru przedszkola, warto zwr\u00f3ci\u0107 uwag\u0119 na kilka priorytetowych kwestii. Po pierwsze, lokalizacja &#8211; istotne, aby przedszkole by\u0142o dogodnie zlokalizowane i dost\u0119pne z miejsca zamieszkania (warto sprawdzi\u0107: <a href=\"https:\/\/zielonazyrafa.edu.pl\/\">przedszkole wola<\/a>). Po drugie, program edukacyjny &#8211; sprawd\u017a, czy odpowiada on Twoim oczekiwaniom i celom rozwoju dziecka. Po trzecie, kadra pedagogiczna &#8211; kompetentni i do\u015bwiadczeni nauczyciele s\u0105 kluczowi dla prawid\u0142owego rozwoju dzieci.<\/p>\n<p>Ostateczny wyb\u00f3r mi\u0119dzy prywatnym przedszkolem a przedszkolem dwuj\u0119zycznym uzale\u017cniony jest od indywidualnych preferencji rodzic\u00f3w i potrzeb dziecka. Wa\u017cne jest, by podj\u0105\u0107 decyzj\u0119, kt\u00f3ra b\u0119dzie najlepiej s\u0142u\u017cy\u0107 rozwojowi i nauki malucha.<br \/>\n<br \/>Warto zobaczy\u0107: <a href=\"https:\/\/zielonazyrafa.edu.pl\/miasto\/prywatny-zlobek-i-przedszkole-mokotow\/\">Przedszkole dwuj\u0119zyczne mokot\u00f3w<\/a>.<\/p>\n","protected":false},"excerpt":{"rendered":"<p>W dzisiejszych czasach wyb\u00f3r dobrego przedszkola dla dziecka to decyzja, kt\u00f3ra mo\u017ce wp\u0142yn\u0105\u0107 na jego rozw\u00f3j i przysz\u0142e miesi\u0105ce. Dlatego warto pomy\u015ble\u0107 nad r\u00f3\u017cnymi opcjami, takimi jak prywatne przedszkola czy przedszkola dwuj\u0119zyczne.<\/p>\n<p>Prywatne przedszkole to plac\u00f3wka, kt\u00f3ra dzia\u0142a niezale\u017cnie od systemu nauki publicznej.<\/p>\n<p><a class=\"read-more \" href=\"http:\/\/materialy.pagekreacje.pl\/?p=17112\" title=\"Read More\"> <span class=\"button default\">Read More<\/span><\/a><\/p>\n","protected":false},"author":1,"featured_media":0,"comment_status":"closed","ping_status":"closed","sticky":false,"template":"","format":"standard","meta":[],"categories":[1],"tags":[],"_links":{"self":[{"href":"http:\/\/materialy.pagekreacje.pl\/index.php?rest_route=\/wp\/v2\/posts\/17112"}],"collection":[{"href":"http:\/\/materialy.pagekreacje.pl\/index.php?rest_route=\/wp\/v2\/posts"}],"about":[{"href":"http:\/\/materialy.pagekreacje.pl\/index.php?rest_route=\/wp\/v2\/types\/post"}],"author":[{"embeddable":true,"href":"http:\/\/materialy.pagekreacje.pl\/index.php?rest_route=\/wp\/v2\/users\/1"}],"replies":[{"embeddable":true,"href":"http:\/\/materialy.pagekreacje.pl\/index.php?rest_route=%2Fwp%2Fv2%2Fcomments&post=17112"}],"version-history":[{"count":1,"href":"http:\/\/materialy.pagekreacje.pl\/index.php?rest_route=\/wp\/v2\/posts\/17112\/revisions"}],"predecessor-version":[{"id":17113,"href":"http:\/\/materialy.pagekreacje.pl\/index.php?rest_route=\/wp\/v2\/posts\/17112\/revisions\/17113"}],"wp:attachment":[{"href":"http:\/\/materialy.pagekreacje.pl\/index.php?rest_route=%2Fwp%2Fv2%2Fmedia&parent=17112"}],"wp:term":[{"taxonomy":"category","embeddable":true,"href":"http:\/\/materialy.pagekreacje.pl\/index.php?rest_route=%2Fwp%2Fv2%2Fcategories&post=17112"},{"taxonomy":"post_tag","embeddable":true,"href":"http:\/\/materialy.pagekreacje.pl\/index.php?rest_route=%2Fwp%2Fv2%2Ftags&post=17112"}],"curies":[{"name":"wp","href":"https:\/\/api.w.org\/{rel}","templated":true}]}}