{"id":17361,"date":"2025-01-29T11:46:09","date_gmt":"2025-01-29T11:46:09","guid":{"rendered":"http:\/\/materialy.pagekreacje.pl\/?p=17361"},"modified":"2025-01-29T11:46:09","modified_gmt":"2025-01-29T11:46:09","slug":"eventy-firmowe-jak-wykorzystac-samoobrone-w-integracji","status":"publish","type":"post","link":"http:\/\/materialy.pagekreacje.pl\/?p=17361","title":{"rendered":"Eventy firmowe \u2013 jak wykorzysta\u0107 samoobron\u0119 w integracji?"},"content":{"rendered":"<p>Organizacja event\u00f3w firmowych czy prywatnych sta\u0142a si\u0119 coraz bardziej zr\u00f3\u017cnicowana, a programy zaj\u0119\u0107 stawiaj\u0105 na oryginalno\u015b\u0107 oraz aktywne anga\u017cowanie uczestnik\u00f3w. Dla firm, kt\u00f3re szukaj\u0105 pomys\u0142\u00f3w na integracj\u0119 zespo\u0142u, nadal rosn\u0105c\u0105 popularno\u015b\u0107 zdobywaj\u0105 zaj\u0119cia oparte na aktywno\u015bciach fizycznych, kt\u00f3re maj\u0105 na celu nie tylko i wy\u0142\u0105cznie budowanie relacji, niemniej jednak r\u00f3wnie\u017c rozw\u00f3j osobisty pracownik\u00f3w. Jednym z takich rozwi\u0105za\u0144 jest w\u0142\u0105czenie do kodu eventu zaj\u0119\u0107 z zakresu samoobrony.<!--more--><\/p>\n<p>  To nie tylko i wy\u0142\u0105cznie spos\u00f3b na nauk\u0119 praktycznych kwalifikacji, niemniej jednak tak\u017ce na integracj\u0119 uczestnik\u00f3w poprzez wsp\u00f3lne wyzwania. Zaj\u0119cia z samoobrony mog\u0105 obejmowa\u0107 r\u00f3\u017cnorakie techniki, kt\u00f3re s\u0105 dostosowane do poziomu uczestnik\u00f3w, dzi\u0119ki czemu w\u0142a\u015bciwie ka\u017cdy, niezale\u017cnie od swojej kondycji fizycznej, mo\u017ce wzi\u0105\u0107 w nich udzia\u0142.<\/p>\n<p>Krav maga to jeden z popularniejszych system\u00f3w samoobrony, kt\u00f3ry stawia na efektywno\u015b\u0107 i szybko\u015b\u0107 reakcji. Jest to technika, kt\u00f3ra zosta\u0142a opracowana z my\u015bl\u0105 o praktycznych zastosowaniach w realnych sytuacjach zagro\u017cenia. Krav maga jest w szczeg\u00f3lno\u015bci ceniona za prostot\u0119 i skuteczno\u015b\u0107, co sprawia, \u017ce jest schludn\u0105 propozycj\u0105 na eventy, szczeg\u00f3lnie te powi\u0105zane z integracj\u0105 firmow\u0105. Zaj\u0119cia z krav maga nie tylko i wy\u0142\u0105cznie ucz\u0105 kluczowych technik obrony przed atakiem, ale tak\u017ce rozwijaj\u0105 zdolno\u015b\u0107 szybkiej reakcji, koncentracji i wsp\u00f3\u0142pracy z innymi uczestnikami. Podczas takich zaj\u0119\u0107 zesp\u00f3\u0142 mo\u017ce poczu\u0107 si\u0119 bardziej zgrany, a pracownicy ucz\u0105 si\u0119 wzajemnego wsparcia, co mo\u017ce mie\u0107 pozytywny wp\u0142yw na p\u00f3\u017aniejsze relacje w pracy.<\/p>\n<p>Organizowanie aktywno\u015bci fizycznych w ramach integracji firmowej mo\u017ce wnie\u015b\u0107 co\u015b wi\u0119cej ni\u017c tradycyjne spotkania czy warsztaty. Zaj\u0119cia z samoobrony, a w szczeg\u00f3lno\u015bci krava magi, stanowi\u0105 unikaln\u0105 okazj\u0119, aby po\u0142\u0105czy\u0107 nauk\u0119 umiej\u0119tno\u015bci przydatnych w codziennym \u017cyciu z budowaniem pozytywnych wi\u0119zi w zespole. Dzi\u0119ki takim inicjatywom uczestnicy nie tylko ucz\u0105 si\u0119 reagowa\u0107 w sytuacjach kryzysowych, niemniej jednak tak\u017ce wzmacniaj\u0105 zaufanie do siebie nawzajem, co ma wp\u0142yw na ich codzienn\u0105 wsp\u00f3\u0142prac\u0119. Zadaniem takich wydarze\u0144 jest zbudowanie przestrzeni do wsp\u00f3lnego dzia\u0142ania, gdzie ka\u017cdy cz\u0142onek grupy czuje si\u0119 odpowiedzialny za innych, co ma znaczenie te\u017c opr\u00f3cz sal\u0105 treningow\u0105.<\/p>\n<p>Zaj\u0119cia z zakresu samoobrony s\u0105 r\u00f3wnie\u017c doskona\u0142\u0105 okazj\u0105 do zwi\u0119kszenia pewno\u015bci siebie i podniesienia poziomu samo\u015bwiadomo\u015bci. Podczas takich spotka\u0144 uczestnicy maj\u0105 mo\u017cliwo\u015b\u0107 pracy nad w\u0142asn\u0105 postaw\u0105, technikami obrony, oraz nawykami, kt\u00f3re mog\u0105 okaza\u0107 si\u0119 pomocne w \u017cyciu normalnym. Integracja firmowa w takim formacie jest zatem nie tylko intryguj\u0105c\u0105 form\u0105 aktywno\u015bci, niemniej jednak r\u00f3wnie\u017c inwestycj\u0105 w rozw\u00f3j osobisty pracownik\u00f3w. Techniki, kt\u00f3rych ucz\u0105 si\u0119 uczestnicy, mog\u0105 zosta\u0107 przeniesione na inne obszary \u017cycia zawodowego i prywatnego, co w d\u0142u\u017cszym czasie mo\u017ce przyczyni\u0107 si\u0119 do poprawy og\u00f3lnej atmosfery w firmie.<br \/>\n<br \/>Zobacz tak\u017ce: <a href=\"https:\/\/www.samoobronapoznan.pl\">eventy firmowe Pozna\u0144<\/a>.<\/p>\n","protected":false},"excerpt":{"rendered":"<p>Organizacja event\u00f3w firmowych czy prywatnych sta\u0142a si\u0119 coraz bardziej zr\u00f3\u017cnicowana, a programy zaj\u0119\u0107 stawiaj\u0105 na oryginalno\u015b\u0107 oraz aktywne anga\u017cowanie uczestnik\u00f3w. Dla firm, kt\u00f3re szukaj\u0105 pomys\u0142\u00f3w na integracj\u0119 zespo\u0142u, nadal rosn\u0105c\u0105 popularno\u015b\u0107 zdobywaj\u0105 zaj\u0119cia oparte na aktywno\u015bciach fizycznych, kt\u00f3re maj\u0105 na celu nie tylko i wy\u0142\u0105cznie budowanie relacji, niemniej jednak r\u00f3wnie\u017c rozw\u00f3j osobisty pracownik\u00f3w. Jednym z takich rozwi\u0105za\u0144 jest w\u0142\u0105czenie do kodu eventu zaj\u0119\u0107 z zakresu samoobrony.<\/p>\n<p><a class=\"read-more \" href=\"http:\/\/materialy.pagekreacje.pl\/?p=17361\" title=\"Read More\"> <span class=\"button default\">Read More<\/span><\/a><\/p>\n","protected":false},"author":1,"featured_media":0,"comment_status":"closed","ping_status":"closed","sticky":false,"template":"","format":"standard","meta":[],"categories":[1],"tags":[],"_links":{"self":[{"href":"http:\/\/materialy.pagekreacje.pl\/index.php?rest_route=\/wp\/v2\/posts\/17361"}],"collection":[{"href":"http:\/\/materialy.pagekreacje.pl\/index.php?rest_route=\/wp\/v2\/posts"}],"about":[{"href":"http:\/\/materialy.pagekreacje.pl\/index.php?rest_route=\/wp\/v2\/types\/post"}],"author":[{"embeddable":true,"href":"http:\/\/materialy.pagekreacje.pl\/index.php?rest_route=\/wp\/v2\/users\/1"}],"replies":[{"embeddable":true,"href":"http:\/\/materialy.pagekreacje.pl\/index.php?rest_route=%2Fwp%2Fv2%2Fcomments&post=17361"}],"version-history":[{"count":1,"href":"http:\/\/materialy.pagekreacje.pl\/index.php?rest_route=\/wp\/v2\/posts\/17361\/revisions"}],"predecessor-version":[{"id":17362,"href":"http:\/\/materialy.pagekreacje.pl\/index.php?rest_route=\/wp\/v2\/posts\/17361\/revisions\/17362"}],"wp:attachment":[{"href":"http:\/\/materialy.pagekreacje.pl\/index.php?rest_route=%2Fwp%2Fv2%2Fmedia&parent=17361"}],"wp:term":[{"taxonomy":"category","embeddable":true,"href":"http:\/\/materialy.pagekreacje.pl\/index.php?rest_route=%2Fwp%2Fv2%2Fcategories&post=17361"},{"taxonomy":"post_tag","embeddable":true,"href":"http:\/\/materialy.pagekreacje.pl\/index.php?rest_route=%2Fwp%2Fv2%2Ftags&post=17361"}],"curies":[{"name":"wp","href":"https:\/\/api.w.org\/{rel}","templated":true}]}}