{"id":19298,"date":"2025-09-02T18:39:05","date_gmt":"2025-09-02T18:39:05","guid":{"rendered":"http:\/\/materialy.pagekreacje.pl\/?p=19298"},"modified":"2025-09-02T18:39:05","modified_gmt":"2025-09-02T18:39:05","slug":"zasady-komponowania-przestrzeni","status":"publish","type":"post","link":"http:\/\/materialy.pagekreacje.pl\/?p=19298","title":{"rendered":"Zasady komponowania przestrzeni"},"content":{"rendered":"<p>Projektowanie przestrzeni mieszkalnych i u\u017cytkowych wymaga uwzgl\u0119dnienia wielu aspekt\u00f3w zar\u00f3wno funkcjonalnych, jak i estetycznych, a\u017ceby stworzy\u0107 \u015brodowisko odpowiadaj\u0105ce potrzebom os\u00f3b korzystaj\u0105cych z danego wn\u0119trza. Przy planowaniu aran\u017cacji wa\u017cne jest uwzgl\u0119dnienie uk\u0142adu wn\u0119trz, proporcji i relacji mi\u0119dzy nimi, oraz naturalnego o\u015bwietlenia a tak\u017ce sposobu u\u017cycia dost\u0119pnej powierzchni. Kompleksowe projektowanie wn\u0119trz obejmuje analiz\u0119 tych element\u00f3w w kontek\u015bcie zwyczajnego u\u017cytkowania, ergonomii oraz komfortu mieszka\u0144c\u00f3w, oraz przewidywanie mo\u017cliwych przemian w uk\u0142adzie wn\u0119trz p\u00f3\u017aniej.<!--more--><\/p>\n<p>  W procesie projektowym istotne jest te\u017c wywa\u017cenie funkcji praktycznych z aspektami wizualnymi, takimi jak kolory, materia\u0142y czy tekstury, kt\u00f3re wp\u0142ywaj\u0105 na odbi\u00f3r przestrzeni.<\/p>\n<p>Architekt wn\u0119trz mo\u017ce skorzysta\u0107 z r\u00f3\u017cnorodnych narz\u0119dzi projektowych, zar\u00f3wno tradycyjnych, jak i cyfrowych, umo\u017cliwiaj\u0105cych wizualizacj\u0119 efekt\u00f3w ko\u0144cowych oraz dok\u0142adne planowanie rozmieszczenia mebli, o\u015bwietlenia i element\u00f3w dekoracyjnych. Tworzenie projekt\u00f3w obejmuje cz\u0119sto stopie\u0144 konsultacji z u\u017cytkownikami wn\u0119trza, co daje mo\u017cliwo\u015b\u0107 na uwzgl\u0119dnienie ich preferencji, stylu \u017cycia oraz za\u0142o\u017ce\u0144 dotycz\u0105cych przechowywania i organizacji przestrzeni. Wsp\u00f3\u0142praca z projektantem wn\u0119trz pozwala tak\u017ce na identyfikacj\u0119 ewentualnych problem\u00f3w, takich jak niewystarczaj\u0105ca przestrze\u0144 do poruszania si\u0119, ograniczone \u017ar\u00f3d\u0142a \u015bwiat\u0142a czy trudno\u015bci w \u0142\u0105czeniu r\u00f3\u017cnorakich materia\u0142\u00f3w i barw, oraz pozwala znalezienie rozwi\u0105za\u0144, kt\u00f3re poprawiaj\u0105 u\u017cyteczno\u015b\u0107 i estetyk\u0119 wn\u0119trza.<\/p>\n<p>Kompleksowe projektowanie wn\u0119trz nie ogranicza si\u0119 tylko do wyboru barw czy mebli, lecz obejmuje te\u017c dob\u00f3r odpowiednich instalacji, materia\u0142\u00f3w wyko\u0144czeniowych, o\u015bwietlenia oraz akcesori\u00f3w, kt\u00f3re tworz\u0105 sp\u00f3jn\u0105 ca\u0142o\u015b\u0107. Wa\u017cnym elementem jest optymalizacja przestrzeni, tak a\u017ceby pomieszczenia by\u0142y nie tylko i wy\u0142\u0105cznie mi\u0142e dla oka, ale te\u017c praktyczne, a w\u0142a\u015bciwie ka\u017cdy ich fragment s\u0142u\u017cy\u0142 okre\u015blonej funkcji. W projektowaniu uwzgl\u0119dnia si\u0119 zar\u00f3wno przestrzenie wsp\u00f3lne, jak kuchnie, \u0142azienki i salony, jak i prywatne, w tym sypialnie czy gabinety, tak aby zapewni\u0107 komfort i wygod\u0119 u\u017cytkownik\u00f3w w r\u00f3\u017cnych sytuacjach.<\/p>\n<p>Proces projektowania wn\u0119trz na prawd\u0119 bardzo cz\u0119sto obejmuje r\u00f3wnie\u017c przygotowanie dokumentacji technicznej, intencji rozmieszczenia instalacji oraz szczeg\u00f3\u0142owych rysunk\u00f3w wykonawczych, kt\u00f3re stanowi\u0105 baz\u0119 do realizacji projektu. Dzi\u0119ki temu mo\u017cliwe jest przewidzenie etap\u00f3w prac wyko\u0144czeniowych, wymiar\u00f3w mebli na zam\u00f3wienie oraz sposobu monta\u017cu element\u00f3w dekoracyjnych i funkcjonalnych. Architekt pomieszcze\u0144 rozwa\u017ca dost\u0119pne sposob\u00f3w adaptacyjne wn\u0119trz, proponuj\u0105c uk\u0142ady, kt\u00f3re maksymalizuj\u0105 wykorzystanie przestrzeni i wp\u0142ywaj\u0105 na wygod\u0119 zwyk\u0142ego u\u017cytkowania. Takie podej\u015bcie pozwala na stworzenie pomieszcze\u0144 sp\u00f3jnych pod wzgl\u0119dem estetyki i funkcjonalno\u015bci, w kt\u00f3rych w\u0142a\u015bciwie ka\u017cdy detal jest przemy\u015blany i dopasowany do oczekiwa\u0144 u\u017cytkownik\u00f3w.<br \/>\n<br \/>Polecana strona: <a href=\"https:\/\/inmodulo.pl\">architekt wn\u0119trz Toru\u0144<\/a>.<\/p>\n","protected":false},"excerpt":{"rendered":"<p>Projektowanie przestrzeni mieszkalnych i u\u017cytkowych wymaga uwzgl\u0119dnienia wielu aspekt\u00f3w zar\u00f3wno funkcjonalnych, jak i estetycznych, a\u017ceby stworzy\u0107 \u015brodowisko odpowiadaj\u0105ce potrzebom os\u00f3b korzystaj\u0105cych z danego wn\u0119trza. Przy planowaniu aran\u017cacji wa\u017cne jest uwzgl\u0119dnienie uk\u0142adu wn\u0119trz, proporcji i relacji mi\u0119dzy nimi, oraz naturalnego o\u015bwietlenia a tak\u017ce sposobu u\u017cycia dost\u0119pnej powierzchni. Kompleksowe projektowanie wn\u0119trz obejmuje analiz\u0119 tych element\u00f3w w kontek\u015bcie zwyczajnego u\u017cytkowania, ergonomii oraz komfortu mieszka\u0144c\u00f3w, oraz przewidywanie mo\u017cliwych przemian w uk\u0142adzie wn\u0119trz p\u00f3\u017aniej.<\/p>\n<p><a class=\"read-more \" href=\"http:\/\/materialy.pagekreacje.pl\/?p=19298\" title=\"Read More\"> <span class=\"button default\">Read More<\/span><\/a><\/p>\n","protected":false},"author":1,"featured_media":0,"comment_status":"closed","ping_status":"closed","sticky":false,"template":"","format":"standard","meta":[],"categories":[1],"tags":[],"_links":{"self":[{"href":"http:\/\/materialy.pagekreacje.pl\/index.php?rest_route=\/wp\/v2\/posts\/19298"}],"collection":[{"href":"http:\/\/materialy.pagekreacje.pl\/index.php?rest_route=\/wp\/v2\/posts"}],"about":[{"href":"http:\/\/materialy.pagekreacje.pl\/index.php?rest_route=\/wp\/v2\/types\/post"}],"author":[{"embeddable":true,"href":"http:\/\/materialy.pagekreacje.pl\/index.php?rest_route=\/wp\/v2\/users\/1"}],"replies":[{"embeddable":true,"href":"http:\/\/materialy.pagekreacje.pl\/index.php?rest_route=%2Fwp%2Fv2%2Fcomments&post=19298"}],"version-history":[{"count":1,"href":"http:\/\/materialy.pagekreacje.pl\/index.php?rest_route=\/wp\/v2\/posts\/19298\/revisions"}],"predecessor-version":[{"id":19299,"href":"http:\/\/materialy.pagekreacje.pl\/index.php?rest_route=\/wp\/v2\/posts\/19298\/revisions\/19299"}],"wp:attachment":[{"href":"http:\/\/materialy.pagekreacje.pl\/index.php?rest_route=%2Fwp%2Fv2%2Fmedia&parent=19298"}],"wp:term":[{"taxonomy":"category","embeddable":true,"href":"http:\/\/materialy.pagekreacje.pl\/index.php?rest_route=%2Fwp%2Fv2%2Fcategories&post=19298"},{"taxonomy":"post_tag","embeddable":true,"href":"http:\/\/materialy.pagekreacje.pl\/index.php?rest_route=%2Fwp%2Fv2%2Ftags&post=19298"}],"curies":[{"name":"wp","href":"https:\/\/api.w.org\/{rel}","templated":true}]}}