{"id":19570,"date":"2025-09-19T04:30:05","date_gmt":"2025-09-19T04:30:05","guid":{"rendered":"http:\/\/materialy.pagekreacje.pl\/?p=19570"},"modified":"2025-09-19T04:30:05","modified_gmt":"2025-09-19T04:30:05","slug":"fakty-o-wynajmie-busa","status":"publish","type":"post","link":"http:\/\/materialy.pagekreacje.pl\/?p=19570","title":{"rendered":"Fakty o wynajmie busa"},"content":{"rendered":"<p>Wyb\u00f3r dobrego \u015brodka transportu na potrzeby grupy os\u00f3b mo\u017ce wi\u0105za\u0107 si\u0119 z wieloma czynnikami do przeanalizowania zar\u00f3wno pod wzgl\u0119dem komfortu jak i u\u017cyteczno\u015bci. Wynajem busa bywa wyj\u015bciem stosowanym przez osoby planuj\u0105ce wyjazdy rodzinne, grupowe czy r\u00f3wnie\u017c organizacje potrzebuj\u0105ce przewozu pracownik\u00f3w na kr\u00f3tsze albo d\u0142u\u017csze dystanse. Przy ustalaniu wybor\u00f3w o wynajmie istotne jest uwzgl\u0119dnienie liczby pasa\u017cer\u00f3w a tak\u017ce ilo\u015bci baga\u017cu jakie b\u0119d\u0105 przewo\u017cone poniewa\u017c od tego zale\u017cy wyb\u00f3r dobrego modelu pojazdu kt\u00f3ry zapewni wystarczaj\u0105c\u0105 przestrze\u0144 i wygod\u0119 podr\u00f3\u017cy.<!--more--><\/p>\n<p>  Wynajem busa na prawd\u0119 cz\u0119sto wi\u0105\u017ce si\u0119 r\u00f3wnie\u017c z konieczno\u015bci\u0105 okre\u015blenia czasu na jaki pojazd b\u0119dzie potrzebny co daje mo\u017cliwo\u015b\u0107 na lepsze zaplanowanie harmonogramu wyjazdu oraz przewozu os\u00f3b w spos\u00f3b elastyczny dopasowany do potrzeb u\u017cytkownik\u00f3w.<\/p>\n<p>Bus na wynajem mo\u017ce r\u00f3\u017cni\u0107 si\u0119 parametrami technicznymi od standardowych aut osobowych co wp\u0142ywa na spos\u00f3b prowadzenia i wymagania powi\u0105zane z u\u017cytkowaniem. Wysoko\u015b\u0107 pojazdu i jego d\u0142ugo\u015b\u0107 mog\u0105 wymaga\u0107 sugestie w trakcie parkowania i manewrowania w w\u0105skich przestrzeniach dlatego przed podj\u0119ciem decyzji warto zwr\u00f3ci\u0107 uwag\u0119 na do\u015bwiadczenie kierowcy oraz warunki drogowe kt\u00f3re b\u0119d\u0105 spotykane podczas trasy (polecam: <a href=\"http:\/\/wynajem-busa.euro-medical.com.pl\">wynajem busa dostawczego<\/a>). Pojazdy tego typu cz\u0119sto wyposa\u017cone s\u0105 w dodatkowe systemy u\u0142atwiaj\u0105ce podr\u00f3\u017c tj. klimatyzacja czy regulowane fotele natomiast ich obecno\u015b\u0107 nie jest gwarantowana i zale\u017cy od konkretnego modelu a tak\u017ce wyposa\u017cenia kt\u00f3re mo\u017ce by\u0107 proponowane przy wynajmie. Rozwa\u017cenie r\u00f3\u017cnic w mo\u017cliwo\u015bciach pojazdu pozwala nie gorzej przygotowa\u0107 si\u0119 do podr\u00f3\u017cy i minimalizowa\u0107 ewentualne trudno\u015bci wynikaj\u0105ce z powszechnego u\u017cytkowania busa.<\/p>\n<p>Kwestie formalne zwi\u0105zane z wynajmem busa obejmuj\u0105 w g\u0142\u00f3wnej mierze wymagania dotycz\u0105ce dokument\u00f3w niezb\u0119dnych do podpisania umowy a tak\u017ce ograniczenia zwi\u0105zane z wiekiem kierowcy i d\u0142ugo\u015bci\u0105 jego do\u015bwiadczenia w prowadzeniu pojazd\u00f3w. S\u0105 przypadki w kt\u00f3rych mog\u0105 wyst\u0119powa\u0107 dodatkowe warunki dotycz\u0105ce limit\u00f3w kilometr\u00f3w lub zasad dotycz\u0105cych u\u017cytkowania pojazdu poza granicami kraju. Przededukowanie tych regulacji pozwala na unikni\u0119cie nieporozumie\u0144 oraz dodatkowych koszt\u00f3w kt\u00f3re mog\u0105 pojawi\u0107 si\u0119 w trakcie u\u017cytkowania pojazdu. Warto r\u00f3wnie\u017c zwr\u00f3ci\u0107 uwag\u0119 na konieczno\u015b\u0107 zapewnienia ubezpieczenia pojazdu a tak\u017ce odpowiedzialno\u015bci kierowcy w przypadku zdarze\u0144 drogowych co stanowi istotny detal planowania ka\u017cdej podr\u00f3\u017cy przy wynajmie busa.<\/p>\n<p>Koszty zwi\u0105zane z wynajmem busa mog\u0105 by\u0107 zr\u00f3\u017cnicowane w zale\u017cno\u015bci od wielu czynnik\u00f3w takich jak czas wynajmu ilo\u015b\u0107 przejechanych kilometr\u00f3w czy rodzaj pojazdu. Wyb\u00f3r ekonomicznej opcji wymaga uwzgl\u0119dnienia wszystkich tych element\u00f3w oraz por\u00f3wnania dost\u0119pnych sposobno\u015bci przed podj\u0119ciem wybor\u00f3w (wi\u0119cej: <a href=\"http:\/\/wynajem-bus.euro-medical.pl\">wynajem busa<\/a>). Ponadto planowanie trasy i przewidywanie potrzeb logistycznych zwi\u0105zanych z transportem grupy os\u00f3b daje mo\u017cliwo\u015b\u0107 du\u017co lepiej oszacowa\u0107 ca\u0142kowite wydatki. Bus na wynajem bywa stosowany nie tylko przy wyjazdach prywatnych ale tak\u017ce w kontek\u015bcie wydarze\u0144 spo\u0142ecznych lub projekt\u00f3w wymagaj\u0105cych przewozu wi\u0119kszej liczby os\u00f3b w nied\u0142ugim czasie co wp\u0142ywa na wyb\u00f3r pojazdu i spos\u00f3b organizacji podr\u00f3\u017cy w zale\u017cno\u015bci od konkretnych potrzeb.<br \/>\n<br \/>Wi\u0119cej informacji na stronie: <a href=\"https:\/\/booking-bus.pl\">wynajem busa osobowego<\/a>.<\/p>\n","protected":false},"excerpt":{"rendered":"<p>Wyb\u00f3r dobrego \u015brodka transportu na potrzeby grupy os\u00f3b mo\u017ce wi\u0105za\u0107 si\u0119 z wieloma czynnikami do przeanalizowania zar\u00f3wno pod wzgl\u0119dem komfortu jak i u\u017cyteczno\u015bci. Wynajem busa bywa wyj\u015bciem stosowanym przez osoby planuj\u0105ce wyjazdy rodzinne, grupowe czy r\u00f3wnie\u017c organizacje potrzebuj\u0105ce przewozu pracownik\u00f3w na kr\u00f3tsze albo d\u0142u\u017csze dystanse. Przy ustalaniu wybor\u00f3w o wynajmie istotne jest uwzgl\u0119dnienie liczby pasa\u017cer\u00f3w a tak\u017ce ilo\u015bci baga\u017cu jakie b\u0119d\u0105 przewo\u017cone poniewa\u017c od tego zale\u017cy wyb\u00f3r dobrego modelu pojazdu kt\u00f3ry zapewni wystarczaj\u0105c\u0105 przestrze\u0144 i wygod\u0119 podr\u00f3\u017cy.<\/p>\n<p><a class=\"read-more \" href=\"http:\/\/materialy.pagekreacje.pl\/?p=19570\" title=\"Read More\"> <span class=\"button default\">Read More<\/span><\/a><\/p>\n","protected":false},"author":1,"featured_media":0,"comment_status":"closed","ping_status":"closed","sticky":false,"template":"","format":"standard","meta":[],"categories":[1],"tags":[],"_links":{"self":[{"href":"http:\/\/materialy.pagekreacje.pl\/index.php?rest_route=\/wp\/v2\/posts\/19570"}],"collection":[{"href":"http:\/\/materialy.pagekreacje.pl\/index.php?rest_route=\/wp\/v2\/posts"}],"about":[{"href":"http:\/\/materialy.pagekreacje.pl\/index.php?rest_route=\/wp\/v2\/types\/post"}],"author":[{"embeddable":true,"href":"http:\/\/materialy.pagekreacje.pl\/index.php?rest_route=\/wp\/v2\/users\/1"}],"replies":[{"embeddable":true,"href":"http:\/\/materialy.pagekreacje.pl\/index.php?rest_route=%2Fwp%2Fv2%2Fcomments&post=19570"}],"version-history":[{"count":1,"href":"http:\/\/materialy.pagekreacje.pl\/index.php?rest_route=\/wp\/v2\/posts\/19570\/revisions"}],"predecessor-version":[{"id":19571,"href":"http:\/\/materialy.pagekreacje.pl\/index.php?rest_route=\/wp\/v2\/posts\/19570\/revisions\/19571"}],"wp:attachment":[{"href":"http:\/\/materialy.pagekreacje.pl\/index.php?rest_route=%2Fwp%2Fv2%2Fmedia&parent=19570"}],"wp:term":[{"taxonomy":"category","embeddable":true,"href":"http:\/\/materialy.pagekreacje.pl\/index.php?rest_route=%2Fwp%2Fv2%2Fcategories&post=19570"},{"taxonomy":"post_tag","embeddable":true,"href":"http:\/\/materialy.pagekreacje.pl\/index.php?rest_route=%2Fwp%2Fv2%2Ftags&post=19570"}],"curies":[{"name":"wp","href":"https:\/\/api.w.org\/{rel}","templated":true}]}}