{"id":3665,"date":"2020-02-09T15:44:02","date_gmt":"2020-02-09T15:44:02","guid":{"rendered":"http:\/\/materialy.pagekreacje.pl\/?p=3665"},"modified":"2020-02-09T15:44:02","modified_gmt":"2020-02-09T15:44:02","slug":"profesjonalnie-zorganizowane-pielgrzymki","status":"publish","type":"post","link":"http:\/\/materialy.pagekreacje.pl\/?p=3665","title":{"rendered":"Profesjonalnie zorganizowane pielgrzymki"},"content":{"rendered":"<p>Ewidentnie macie plan nied\u0142ugo wybra\u0107 si\u0119 &#8211; w\u0142asn\u0105 prac\u0105 lub np z cz\u0142onkami rodziny &#8211; na odpowiednio zorganizowane pielgrzymki? Na prawd\u0119 wa\u017cna sprawa zwi\u0105zana z tym konkretnym tematem jest taka, \u017ce tutaj trzeba decydowa\u0107 si\u0119 na odpowiedniej jako\u015bci podmioty zajmuj\u0105ce si\u0119 organizacj\u0105 takich w\u0142a\u015bnie duchowych &#8211; kolokwialnie pisz\u0105c &#8211; przedsi\u0119wzi\u0119\u0107. Pielgrzymka powinna by\u0107 organizowana mi\u0119dzy innymi przez taki podmiot, kt\u00f3ry ju\u017c jest stosunkowo d\u0142ugo para si\u0119 tego typu konkretnymi wydarzeniami. Co jeszcze musi by\u0107 bardzo wa\u017cne a tak\u017ce wa\u017cne? Pielgrzymka mo\u017ce odbywa\u0107 si\u0119 tak faktycznie do rozmaitych miejsc albo kraj\u00f3w.<!--more--><\/p>\n<p>  Bardzo du\u017co tutaj zale\u017cy zwyczajnie od wybor\u00f3w turysty. Pielgrzymki odbywaj\u0105 si\u0119 np do takiego pa\u0144stwa, jak W\u0142ochy. Chyba ka\u017cdy zgodzi si\u0119, \u017ce jest to jeden z najwa\u017cniejszych kraj\u00f3w pod tym wzgl\u0119dem. To w\u0142a\u015bnie tam przemawia, co niedziel\u0119 papie\u017c Franciszek itp. Jakie jeszcze lokalizacje s\u0105 de fakto warte wzi\u0119cia pod uwag\u0119 a tak\u017ce zastanowienia si\u0119 nad nimi? Pielgrzymki do Medjugorie r\u00f3wnie\u017c s\u0105 bardzo cz\u0119sto wybierane przez turyst\u00f3w nie tylko i wy\u0142\u0105cznie z Polski, ale tak faktycznie przez r\u00f3\u017cnorakie osoby z rozmaitych pa\u0144stw. Dlaczego taka sytuacja ma miejsce? Jest to bowiem s\u0142ynne \u015bwi\u0119te miejsce. Co jeszcze bra\u0107 pod uwag\u0119 decyduj\u0105c si\u0119 na si\u0119 na taki wypad? To nie tylko podmiot organizuj\u0105cy lub konkretna lokalizacja. Pielgrzymki musz\u0105 by\u0107 tak\u017ce wybierane pod k\u0105tem warunk\u00f3w maj\u0105tkowych. Nie brakuje ludzi, kt\u00f3rzy uwzgl\u0119dniaj\u0105 \u015brodek transportu. Mo\u017cna przyk\u0142adowo podr\u00f3\u017cowa\u0107 samolotem lub autokarem i tym podobne.<br \/>\n<br \/>Warto zobaczy\u0107: <a href=\"http:\/\/www.duchowa.turystyka.pl\">Pielgrzymki<\/a>.<\/p>\n","protected":false},"excerpt":{"rendered":"<p>Ewidentnie macie plan nied\u0142ugo wybra\u0107 si\u0119 &#8211; w\u0142asn\u0105 prac\u0105 lub np z cz\u0142onkami rodziny &#8211; na odpowiednio zorganizowane pielgrzymki? Na prawd\u0119 wa\u017cna sprawa zwi\u0105zana z tym konkretnym tematem jest taka, \u017ce tutaj trzeba decydowa\u0107 si\u0119 na odpowiedniej jako\u015bci podmioty zajmuj\u0105ce si\u0119 organizacj\u0105 takich w\u0142a\u015bnie duchowych &#8211; kolokwialnie pisz\u0105c &#8211; przedsi\u0119wzi\u0119\u0107. Pielgrzymka powinna by\u0107 organizowana mi\u0119dzy innymi przez taki podmiot, kt\u00f3ry ju\u017c jest stosunkowo d\u0142ugo para si\u0119 tego typu konkretnymi wydarzeniami. Co jeszcze musi by\u0107 bardzo wa\u017cne a tak\u017ce wa\u017cne? Pielgrzymka mo\u017ce odbywa\u0107 si\u0119 tak faktycznie do rozmaitych miejsc albo kraj\u00f3w.<\/p>\n<p><a class=\"read-more \" href=\"http:\/\/materialy.pagekreacje.pl\/?p=3665\" title=\"Read More\"> <span class=\"button default\">Read More<\/span><\/a><\/p>\n","protected":false},"author":1,"featured_media":0,"comment_status":"closed","ping_status":"closed","sticky":false,"template":"","format":"standard","meta":[],"categories":[1],"tags":[],"_links":{"self":[{"href":"http:\/\/materialy.pagekreacje.pl\/index.php?rest_route=\/wp\/v2\/posts\/3665"}],"collection":[{"href":"http:\/\/materialy.pagekreacje.pl\/index.php?rest_route=\/wp\/v2\/posts"}],"about":[{"href":"http:\/\/materialy.pagekreacje.pl\/index.php?rest_route=\/wp\/v2\/types\/post"}],"author":[{"embeddable":true,"href":"http:\/\/materialy.pagekreacje.pl\/index.php?rest_route=\/wp\/v2\/users\/1"}],"replies":[{"embeddable":true,"href":"http:\/\/materialy.pagekreacje.pl\/index.php?rest_route=%2Fwp%2Fv2%2Fcomments&post=3665"}],"version-history":[{"count":1,"href":"http:\/\/materialy.pagekreacje.pl\/index.php?rest_route=\/wp\/v2\/posts\/3665\/revisions"}],"predecessor-version":[{"id":3666,"href":"http:\/\/materialy.pagekreacje.pl\/index.php?rest_route=\/wp\/v2\/posts\/3665\/revisions\/3666"}],"wp:attachment":[{"href":"http:\/\/materialy.pagekreacje.pl\/index.php?rest_route=%2Fwp%2Fv2%2Fmedia&parent=3665"}],"wp:term":[{"taxonomy":"category","embeddable":true,"href":"http:\/\/materialy.pagekreacje.pl\/index.php?rest_route=%2Fwp%2Fv2%2Fcategories&post=3665"},{"taxonomy":"post_tag","embeddable":true,"href":"http:\/\/materialy.pagekreacje.pl\/index.php?rest_route=%2Fwp%2Fv2%2Ftags&post=3665"}],"curies":[{"name":"wp","href":"https:\/\/api.w.org\/{rel}","templated":true}]}}